{"id":5326,"date":"2026-01-05T23:07:53","date_gmt":"2026-01-05T23:07:53","guid":{"rendered":"https:\/\/sitetemp.inforabreu.pt\/esfmp\/?p=5326"},"modified":"2026-04-17T10:51:26","modified_gmt":"2026-04-17T10:51:26","slug":"elementor-5326","status":"publish","type":"post","link":"https:\/\/esfmp.pt\/index.php\/2026\/01\/05\/elementor-5326\/","title":{"rendered":"Fern\u00e3o na FCUL"},"content":{"rendered":"\t\t<div data-elementor-type=\"wp-post\" data-elementor-id=\"5326\" class=\"elementor elementor-5326\">\n\t\t\t\t\t\t<section class=\"elementor-section elementor-top-section elementor-element elementor-element-96cd765 elementor-section-boxed elementor-section-height-default elementor-section-height-default\" data-id=\"96cd765\" data-element_type=\"section\" data-e-type=\"section\">\n\t\t\t\t\t\t<div class=\"elementor-container elementor-column-gap-default\">\n\t\t\t\t\t<div class=\"elementor-column elementor-col-100 elementor-top-column elementor-element elementor-element-5c3638b\" data-id=\"5c3638b\" data-element_type=\"column\" data-e-type=\"column\">\n\t\t\t<div class=\"elementor-widget-wrap elementor-element-populated\">\n\t\t\t\t\t\t<div class=\"elementor-element elementor-element-3d64176 elementor-widget elementor-widget-heading\" data-id=\"3d64176\" data-element_type=\"widget\" data-e-type=\"widget\" data-widget_type=\"heading.default\">\n\t\t\t\t<div class=\"elementor-widget-container\">\n\t\t\t\t\t<h2 class=\"elementor-heading-title elementor-size-default\">Confer\u00eancia de NAtal da FCUL<\/h2>\t\t\t\t<\/div>\n\t\t\t\t<\/div>\n\t\t\t\t\t<\/div>\n\t\t<\/div>\n\t\t\t\t\t<\/div>\n\t\t<\/section>\n\t\t\t\t<section class=\"elementor-section elementor-top-section elementor-element elementor-element-2697d8e elementor-section-boxed elementor-section-height-default elementor-section-height-default\" data-id=\"2697d8e\" data-element_type=\"section\" data-e-type=\"section\">\n\t\t\t\t\t\t<div class=\"elementor-container elementor-column-gap-default\">\n\t\t\t\t\t<div class=\"elementor-column elementor-col-50 elementor-top-column elementor-element elementor-element-9d7c2f0\" data-id=\"9d7c2f0\" data-element_type=\"column\" data-e-type=\"column\">\n\t\t\t<div class=\"elementor-widget-wrap elementor-element-populated\">\n\t\t\t\t\t\t<div class=\"elementor-element elementor-element-47bc898 elementor-widget elementor-widget-image\" data-id=\"47bc898\" data-element_type=\"widget\" data-e-type=\"widget\" data-widget_type=\"image.default\">\n\t\t\t\t<div class=\"elementor-widget-container\">\n\t\t\t\t\t\t\t\t\t\t\t\t\t\t\t<img fetchpriority=\"high\" decoding=\"async\" width=\"1024\" height=\"683\" src=\"https:\/\/esfmp.pt\/wp-content\/uploads\/2026\/01\/1000117315-1024x683.jpg\" class=\"attachment-large size-large wp-image-5337\" alt=\"\" srcset=\"https:\/\/esfmp.pt\/wp-content\/uploads\/2026\/01\/1000117315-1024x683.jpg 1024w, https:\/\/esfmp.pt\/wp-content\/uploads\/2026\/01\/1000117315-300x200.jpg 300w, https:\/\/esfmp.pt\/wp-content\/uploads\/2026\/01\/1000117315-768x512.jpg 768w, https:\/\/esfmp.pt\/wp-content\/uploads\/2026\/01\/1000117315-1536x1024.jpg 1536w, https:\/\/esfmp.pt\/wp-content\/uploads\/2026\/01\/1000117315.jpg 2048w\" sizes=\"(max-width: 1024px) 100vw, 1024px\" \/>\t\t\t\t\t\t\t\t\t\t\t\t\t\t\t<\/div>\n\t\t\t\t<\/div>\n\t\t\t\t\t<\/div>\n\t\t<\/div>\n\t\t\t\t<div class=\"elementor-column elementor-col-50 elementor-top-column elementor-element elementor-element-6f4900a\" data-id=\"6f4900a\" data-element_type=\"column\" data-e-type=\"column\">\n\t\t\t<div class=\"elementor-widget-wrap elementor-element-populated\">\n\t\t\t\t\t\t<div class=\"elementor-element elementor-element-bda1aee elementor-widget elementor-widget-text-editor\" data-id=\"bda1aee\" data-element_type=\"widget\" data-e-type=\"widget\" data-widget_type=\"text-editor.default\">\n\t\t\t\t<div class=\"elementor-widget-container\">\n\t\t\t\t\t\t\t\t\t<p>No dia 12 de dezembro, os alunos das turmas 10\u00ba1 e 12\u00ba2 participaram na 2\u00aa edi\u00e7\u00e3o da Confer\u00eancia de Natal de Ci\u00eancias, na Faculdade de Ci\u00eancias da Universidade de Lisboa. Os alunos tiveram oportunidade de contatar com investigadores de v\u00e1rias \u00e1reas cientificas, que dinamizaram &#8220;Talks&#8221; sobre os seguintes temas:<\/p>\t\t\t\t\t\t\t\t<\/div>\n\t\t\t\t<\/div>\n\t\t\t\t\t<\/div>\n\t\t<\/div>\n\t\t\t\t\t<\/div>\n\t\t<\/section>\n\t\t\t\t<section class=\"elementor-section elementor-top-section elementor-element elementor-element-0c2d801 elementor-section-boxed elementor-section-height-default elementor-section-height-default\" data-id=\"0c2d801\" data-element_type=\"section\" data-e-type=\"section\">\n\t\t\t\t\t\t<div class=\"elementor-container elementor-column-gap-default\">\n\t\t\t\t\t<div class=\"elementor-column elementor-col-100 elementor-top-column elementor-element elementor-element-991b6a2\" data-id=\"991b6a2\" data-element_type=\"column\" data-e-type=\"column\">\n\t\t\t<div class=\"elementor-widget-wrap elementor-element-populated\">\n\t\t\t\t\t\t<div class=\"elementor-element elementor-element-a19ac89 elementor-arrows-position-inside elementor-pagination-position-outside elementor-widget elementor-widget-image-carousel\" data-id=\"a19ac89\" data-element_type=\"widget\" data-e-type=\"widget\" data-settings=\"{&quot;slides_to_show&quot;:&quot;2&quot;,&quot;image_spacing_custom&quot;:{&quot;unit&quot;:&quot;px&quot;,&quot;size&quot;:100,&quot;sizes&quot;:[]},&quot;navigation&quot;:&quot;both&quot;,&quot;autoplay&quot;:&quot;yes&quot;,&quot;pause_on_hover&quot;:&quot;yes&quot;,&quot;pause_on_interaction&quot;:&quot;yes&quot;,&quot;autoplay_speed&quot;:5000,&quot;infinite&quot;:&quot;yes&quot;,&quot;speed&quot;:500,&quot;image_spacing_custom_tablet&quot;:{&quot;unit&quot;:&quot;px&quot;,&quot;size&quot;:&quot;&quot;,&quot;sizes&quot;:[]},&quot;image_spacing_custom_mobile&quot;:{&quot;unit&quot;:&quot;px&quot;,&quot;size&quot;:&quot;&quot;,&quot;sizes&quot;:[]}}\" data-widget_type=\"image-carousel.default\">\n\t\t\t\t<div class=\"elementor-widget-container\">\n\t\t\t\t\t\t\t<div class=\"elementor-image-carousel-wrapper swiper\" role=\"region\" aria-roledescription=\"carousel\" aria-label=\"Fern\u00e3o na FCUL\" dir=\"ltr\">\n\t\t\t<div class=\"elementor-image-carousel swiper-wrapper swiper-image-stretch\" aria-live=\"off\">\n\t\t\t\t\t\t\t\t<div class=\"swiper-slide\" role=\"group\" aria-roledescription=\"slide\" aria-label=\"1 of 4\"><figure class=\"swiper-slide-inner\"><img decoding=\"async\" class=\"swiper-slide-image\" src=\"https:\/\/esfmp.pt\/wp-content\/uploads\/2026\/01\/1000117316-768x512.jpg\" alt=\"&quot;Matem\u00e1tica: a arma secreta dos curiosos (e dos criativos)&quot;. Pela professora convidada do Departamento de Ci\u00eancias Matem\u00e1ticas, Ana Catarina Monteiro\" \/><figcaption class=\"elementor-image-carousel-caption\">\"Matem\u00e1tica: a arma secreta dos curiosos (e dos criativos)\". Pela professora convidada do Departamento de Ci\u00eancias Matem\u00e1ticas, Ana Catarina Monteiro<\/figcaption><\/figure><\/div><div class=\"swiper-slide\" role=\"group\" aria-roledescription=\"slide\" aria-label=\"2 of 4\"><figure class=\"swiper-slide-inner\"><img decoding=\"async\" class=\"swiper-slide-image\" src=\"https:\/\/esfmp.pt\/wp-content\/uploads\/2026\/01\/1000117318-768x512.jpg\" alt=\"&quot;Ser\u00e1 a Terra o \u00fanico planeta habit\u00e1vel?&quot;, pelo professor e investigador do Departamento de Ci\u00eancias da Terra e Energia, Jo\u00e3o Duarte.\" \/><figcaption class=\"elementor-image-carousel-caption\">\"Ser\u00e1 a Terra o \u00fanico planeta habit\u00e1vel?\", pelo professor e investigador do Departamento de Ci\u00eancias da Terra e Energia, Jo\u00e3o Duarte.<\/figcaption><\/figure><\/div><div class=\"swiper-slide\" role=\"group\" aria-roledescription=\"slide\" aria-label=\"3 of 4\"><figure class=\"swiper-slide-inner\"><img decoding=\"async\" class=\"swiper-slide-image\" src=\"https:\/\/esfmp.pt\/wp-content\/uploads\/2026\/01\/1000117319-768x512.jpg\" alt=\"&quot;A miss\u00e3o HERA da ESA: proteger o planeta do embate de asteroides.&quot;, pelo professor jubilado de Ci\u00eancias, Rui Agostinho\" \/><figcaption class=\"elementor-image-carousel-caption\">\"A miss\u00e3o HERA da ESA: proteger o planeta do embate de asteroides.\", pelo professor jubilado de Ci\u00eancias, Rui Agostinho <\/figcaption><\/figure><\/div><div class=\"swiper-slide\" role=\"group\" aria-roledescription=\"slide\" aria-label=\"4 of 4\"><figure class=\"swiper-slide-inner\"><img decoding=\"async\" class=\"swiper-slide-image\" src=\"https:\/\/esfmp.pt\/wp-content\/uploads\/2026\/01\/1000117320-768x512.jpg\" alt=\"No final ainda puderam assistir \u00e0 atua\u00e7\u00e3o da VicentTuna e participar no conv\u00edvio natal\u00edcio.\" \/><figcaption class=\"elementor-image-carousel-caption\">No final ainda puderam assistir \u00e0 atua\u00e7\u00e3o da VicentTuna e participar no conv\u00edvio natal\u00edcio.<\/figcaption><\/figure><\/div>\t\t\t<\/div>\n\t\t\t\t\t\t\t\t\t\t\t\t<div class=\"elementor-swiper-button elementor-swiper-button-prev\" role=\"button\" tabindex=\"0\">\n\t\t\t\t\t\t<svg aria-hidden=\"true\" class=\"e-font-icon-svg e-eicon-chevron-left\" viewBox=\"0 0 1000 1000\" xmlns=\"http:\/\/www.w3.org\/2000\/svg\"><path d=\"M646 125C629 125 613 133 604 142L308 442C296 454 292 471 292 487 292 504 296 521 308 533L604 854C617 867 629 875 646 875 663 875 679 871 692 858 704 846 713 829 713 812 713 796 708 779 692 767L438 487 692 225C700 217 708 204 708 187 708 171 704 154 692 142 675 129 663 125 646 125Z\"><\/path><\/svg>\t\t\t\t\t<\/div>\n\t\t\t\t\t<div class=\"elementor-swiper-button elementor-swiper-button-next\" role=\"button\" tabindex=\"0\">\n\t\t\t\t\t\t<svg aria-hidden=\"true\" class=\"e-font-icon-svg e-eicon-chevron-right\" viewBox=\"0 0 1000 1000\" xmlns=\"http:\/\/www.w3.org\/2000\/svg\"><path d=\"M696 533C708 521 713 504 713 487 713 471 708 454 696 446L400 146C388 133 375 125 354 125 338 125 325 129 313 142 300 154 292 171 292 187 292 204 296 221 308 233L563 492 304 771C292 783 288 800 288 817 288 833 296 850 308 863 321 871 338 875 354 875 371 875 388 867 400 854L696 533Z\"><\/path><\/svg>\t\t\t\t\t<\/div>\n\t\t\t\t\n\t\t\t\t\t\t\t\t\t<div class=\"swiper-pagination\"><\/div>\n\t\t\t\t\t\t\t\t\t<\/div>\n\t\t\t\t\t\t<\/div>\n\t\t\t\t<\/div>\n\t\t\t\t\t<\/div>\n\t\t<\/div>\n\t\t\t\t\t<\/div>\n\t\t<\/section>\n\t\t\t\t<\/div>\n\t\t","protected":false},"excerpt":{"rendered":"<p>Confer\u00eancia de NAtal da FCUL No dia 12 de dezembro, os alunos das turmas 10\u00ba1 e 12\u00ba2 participaram na 2\u00aa edi\u00e7\u00e3o da Confer\u00eancia de Natal de Ci\u00eancias, na Faculdade de Ci\u00eancias da Universidade de Lisboa. Os alunos tiveram oportunidade de contatar com investigadores de v\u00e1rias \u00e1reas cientificas, que dinamizaram &#8220;Talks&#8221; sobre os seguintes temas: &#8220;Matem\u00e1tica: [&hellip;]<\/p>\n","protected":false},"author":2,"featured_media":0,"comment_status":"closed","ping_status":"closed","sticky":false,"template":"","format":"standard","meta":{"_seopress_robots_primary_cat":"none","_seopress_titles_title":"","_seopress_titles_desc":"","_seopress_robots_index":"","site-sidebar-layout":"default","site-content-layout":"","ast-site-content-layout":"default","site-content-style":"default","site-sidebar-style":"default","ast-global-header-display":"","ast-banner-title-visibility":"","ast-main-header-display":"","ast-hfb-above-header-display":"","ast-hfb-below-header-display":"","ast-hfb-mobile-header-display":"","site-post-title":"","ast-breadcrumbs-content":"","ast-featured-img":"","footer-sml-layout":"","ast-disable-related-posts":"","theme-transparent-header-meta":"","adv-header-id-meta":"","stick-header-meta":"","header-above-stick-meta":"","header-main-stick-meta":"","header-below-stick-meta":"","astra-migrate-meta-layouts":"set","ast-page-background-enabled":"default","ast-page-background-meta":{"desktop":{"background-color":"","background-image":"","background-repeat":"repeat","background-position":"center center","background-size":"auto","background-attachment":"scroll","background-type":"","background-media":"","overlay-type":"","overlay-color":"","overlay-opacity":"","overlay-gradient":""},"tablet":{"background-color":"","background-image":"","background-repeat":"repeat","background-position":"center center","background-size":"auto","background-attachment":"scroll","background-type":"","background-media":"","overlay-type":"","overlay-color":"","overlay-opacity":"","overlay-gradient":""},"mobile":{"background-color":"","background-image":"","background-repeat":"repeat","background-position":"center center","background-size":"auto","background-attachment":"scroll","background-type":"","background-media":"","overlay-type":"","overlay-color":"","overlay-opacity":"","overlay-gradient":""}},"ast-content-background-meta":{"desktop":{"background-color":"var(--ast-global-color-5)","background-image":"","background-repeat":"repeat","background-position":"center center","background-size":"auto","background-attachment":"scroll","background-type":"","background-media":"","overlay-type":"","overlay-color":"","overlay-opacity":"","overlay-gradient":""},"tablet":{"background-color":"var(--ast-global-color-5)","background-image":"","background-repeat":"repeat","background-position":"center center","background-size":"auto","background-attachment":"scroll","background-type":"","background-media":"","overlay-type":"","overlay-color":"","overlay-opacity":"","overlay-gradient":""},"mobile":{"background-color":"var(--ast-global-color-5)","background-image":"","background-repeat":"repeat","background-position":"center center","background-size":"auto","background-attachment":"scroll","background-type":"","background-media":"","overlay-type":"","overlay-color":"","overlay-opacity":"","overlay-gradient":""}},"footnotes":""},"categories":[11],"tags":[],"class_list":["post-5326","post","type-post","status-publish","format-standard","hentry","category-escola-geral"],"_links":{"self":[{"href":"https:\/\/esfmp.pt\/index.php\/wp-json\/wp\/v2\/posts\/5326","targetHints":{"allow":["GET"]}}],"collection":[{"href":"https:\/\/esfmp.pt\/index.php\/wp-json\/wp\/v2\/posts"}],"about":[{"href":"https:\/\/esfmp.pt\/index.php\/wp-json\/wp\/v2\/types\/post"}],"author":[{"embeddable":true,"href":"https:\/\/esfmp.pt\/index.php\/wp-json\/wp\/v2\/users\/2"}],"replies":[{"embeddable":true,"href":"https:\/\/esfmp.pt\/index.php\/wp-json\/wp\/v2\/comments?post=5326"}],"version-history":[{"count":50,"href":"https:\/\/esfmp.pt\/index.php\/wp-json\/wp\/v2\/posts\/5326\/revisions"}],"predecessor-version":[{"id":5388,"href":"https:\/\/esfmp.pt\/index.php\/wp-json\/wp\/v2\/posts\/5326\/revisions\/5388"}],"wp:attachment":[{"href":"https:\/\/esfmp.pt\/index.php\/wp-json\/wp\/v2\/media?parent=5326"}],"wp:term":[{"taxonomy":"category","embeddable":true,"href":"https:\/\/esfmp.pt\/index.php\/wp-json\/wp\/v2\/categories?post=5326"},{"taxonomy":"post_tag","embeddable":true,"href":"https:\/\/esfmp.pt\/index.php\/wp-json\/wp\/v2\/tags?post=5326"}],"curies":[{"name":"wp","href":"https:\/\/api.w.org\/{rel}","templated":true}]}}